{"id":3940,"date":"2025-02-14T02:08:00","date_gmt":"2025-02-14T02:08:00","guid":{"rendered":"httpss:\/\/www.richallmed.com\/?p=3940"},"modified":"2025-06-20T06:05:19","modified_gmt":"2025-06-20T06:05:19","slug":"discover-the-future-of-medical-solutions-with-richall-at-medtrade-2025-booth-1630","status":"publish","type":"post","link":"https:\/\/www.richallmed.com\/pl\/discover-the-future-of-medical-solutions-with-richall-at-medtrade-2025-booth-1630-article\/","title":{"rendered":"Odkryj przysz\u0142o\u015b\u0107 rozwi\u0105za\u0144 medycznych z RICHALL na MEDTRADE 2025 - stoisko 1630"},"content":{"rendered":"<p>Przysz\u0142o\u015b\u0107 domowej opieki medycznej ju\u017c nadesz\u0142a!&nbsp;<strong>Zhejiang RICHALL Medical Technology Co., Ltd.<\/strong>&nbsp;z przyjemno\u015bci\u0105 zaprezentuje swoje najnowsze innowacje na targach&nbsp;<strong>MEDTRADE 2025<\/strong>najwi\u0119ksze targi sprz\u0119tu medycznego do u\u017cytku domowego w Stanach Zjednoczonych. Odbywaj\u0105 si\u0119 one w&nbsp;<strong>Kay Bailey Hutchison Convention Center w Dallas<\/strong>&nbsp;na&nbsp;<strong>19-20 lutego 2025 r.<\/strong>To wydarzenie podkre\u015bla najnowsze osi\u0105gni\u0119cia w&nbsp;<strong>rozwi\u0105zania w zakresie mobilno\u015bci<\/strong>. Odwied\u017a nas pod adresem&nbsp;<strong>Stoisko nr 1630<\/strong>&nbsp;aby dowiedzie\u0107 si\u0119, jak nasza technologia zmienia bran\u017c\u0119.<\/p>\n\n\n<div class=\"wp-block-image\">\n<figure class=\"aligncenter size-full\"><img loading=\"lazy\" decoding=\"async\" width=\"599\" height=\"272\" src=\"httpss:\/\/www.richallmed.com\/wp-content\/uploads\/2025\/06\/bca080524ddecc4728467f2eec5a01e.webp\" alt=\"elektryczny w\u00f3zek inwalidzki\" class=\"wp-image-3918\" srcset=\"https:\/\/www.richallmed.com\/wp-content\/uploads\/2025\/06\/bca080524ddecc4728467f2eec5a01e.webp 599w, https:\/\/www.richallmed.com\/wp-content\/uploads\/2025\/06\/bca080524ddecc4728467f2eec5a01e-300x136.webp 300w, https:\/\/www.richallmed.com\/wp-content\/uploads\/2025\/06\/bca080524ddecc4728467f2eec5a01e-18x8.webp 18w\" sizes=\"auto, (max-width: 599px) 100vw, 599px\" \/><\/figure><\/div>\n\n\n<h2 class=\"wp-block-heading\"><strong>MEDTRADE 2025: Najwa\u017cniejsze wydarzenie dla post\u0119pu medycznego<\/strong><\/h2>\n\n\n\n<p>Od&nbsp;<strong>1979<\/strong>MEDTRADE jest wiod\u0105c\u0105 platform\u0105 do prezentowania prze\u0142omowych technologii medycznych. The&nbsp;<strong>Edycja 2025<\/strong>&nbsp;zapowiada si\u0119 na najwi\u0119ksz\u0105 z dotychczasowych:<\/p>\n\n\n\n<p>\u2705&nbsp;<strong>Ponad 20 000 metr\u00f3w kwadratowych<\/strong>&nbsp;powierzchni wystawienniczej<br>\u2705&nbsp;<strong>Ponad 400 wystawc\u00f3w<\/strong>&nbsp;prezentacja najnowocze\u015bniejszych innowacji medycznych<br>\u2705&nbsp;<strong>25 689 kupuj\u0105cych<\/strong>&nbsp;poszukiwanie wysokiej jako\u015bci rozwi\u0105za\u0144 medycznych<br>\u2705&nbsp;<strong>Ponad 2300 uczestnik\u00f3w konferencji<\/strong>oznaczaj\u0105c&nbsp;<strong>25% wzrost<\/strong>&nbsp;z zesz\u0142ego roku<\/p>\n\n\n\n<p>Z rosn\u0105cym naciskiem na&nbsp;<strong>urz\u0105dzenia wspomagaj\u0105ce poruszanie si\u0119 i domowa opieka medyczna<\/strong>MEDTRADE 2025 zapewnia wa\u017cny wgl\u0105d w najnowsze trendy i rozwi\u0105zania bran\u017cowe.<\/p>\n\n\n\n<h2 class=\"wp-block-heading\"><strong>Prezentacja innowacji: W\u00f3zek inwalidzki z w\u0142\u00f3kna w\u0119glowego<\/strong><\/h2>\n\n\n\n<p>Przy&nbsp;<strong>RICHALL<\/strong>Wierzymy, \u017ce mobilno\u015b\u0107 powinna by\u0107 bezpieczna, niezawodna i bezwysi\u0142kowa. Dlatego nasze&nbsp;<strong>W\u00f3zek inwalidzki z w\u0142\u00f3kna w\u0119glowego<\/strong>&nbsp;to nie tylko produkt - to krok w kierunku nowej ery niezale\u017cno\u015bci dla u\u017cytkownik\u00f3w. Oto, co go wyr\u00f3\u017cnia:<\/p>\n\n\n\n<p><strong>Lekki, ale wytrzyma\u0142y<\/strong>&nbsp;- Wykonane z&nbsp;<strong>W\u0142\u00f3kno w\u0119glowe klasy lotniczej<\/strong>ten w\u00f3zek inwalidzki jest&nbsp;<strong>znacznie l\u017cejszy<\/strong>&nbsp;ni\u017c tradycyjne modele metalowe, ale nie idzie na kompromis w kwestii&nbsp;<strong>si\u0142a<\/strong>. Jest zbudowany, aby sprosta\u0107 codziennym wymaganiom \u017cycia, zapewniaj\u0105c&nbsp;<strong>niezawodny<\/strong>&nbsp;do\u015bwiadczenie bez obci\u0105\u017cania u\u017cytkownika.<\/p>\n\n\n\n<p><strong>Zbudowany dla bezpiecze\u0144stwa<\/strong>&nbsp;- Twoje bezpiecze\u0144stwo jest naszym priorytetem. Nasz w\u00f3zek inwalidzki jest wyposa\u017cony w&nbsp;<strong>k\u00f3\u0142ka przeciwwywrotne<\/strong>&nbsp;oraz&nbsp;<strong>wytrzyma\u0142a rama<\/strong>zapewniaj\u0105c&nbsp;<strong>stabilno\u015b\u0107<\/strong>&nbsp;na wszystkich powierzchniach. Niezale\u017cnie od tego, czy jeste\u015b w domu, czy na zewn\u0105trz, zosta\u0142 zaprojektowany tak, aby\u015b m\u00f3g\u0142 porusza\u0107 si\u0119 pewnie i zmniejszy\u0107 ryzyko wypadk\u00f3w.<\/p>\n\n\n\n<p><strong>Komfort, kt\u00f3ry trwa<\/strong>&nbsp;- Zaprojektowany dla&nbsp;<strong>d\u0142ugotrwa\u0142e u\u017cytkowanie<\/strong>siedzisko, oparcie i pod\u0142okietniki s\u0105&nbsp;<strong>regulowany<\/strong>umo\u017cliwiaj\u0105c dopasowanie do w\u0142asnego komfortu. Gwarantuje to uzyskanie&nbsp;<strong>optymalne wsparcie<\/strong>&nbsp;i zmniejsza ryzyko dyskomfortu lub odle\u017cyn, nawet podczas d\u0142ugiego siedzenia.<\/p>\n\n\n\n<p><strong>\u0141atwa kontrola<\/strong>&nbsp;- Z&nbsp;<strong>wysokowydajny silnik<\/strong>&nbsp;oraz&nbsp;<strong>Intuicyjne sterowanie<\/strong>Ten w\u00f3zek inwalidzki porusza si\u0119 bez wysi\u0142ku, gdziekolwiek jeste\u015b. Jest tak \u0142atwy w manewrowaniu, \u017ce nawet osoby o ograniczonej sile mog\u0105 porusza\u0107 si\u0119 z \u0142atwo\u015bci\u0105, daj\u0105c u\u017cytkownikom swobod\u0119 poruszania si\u0119 bez wahania.<\/p>\n\n\n\n<p><strong>Gotowy na \u017cywio\u0142y<\/strong>&nbsp;- Dzi\u0119ki&nbsp;<strong>Materia\u0142y odporne na korozj\u0119<\/strong>nasz&nbsp;<strong>W\u00f3zek inwalidzki z w\u0142\u00f3kna w\u0119glowego<\/strong>&nbsp;wytrzymuje trudne warunki pogodowe. Niezale\u017cnie od tego, czy jest to deszcz, \u015bnieg czy s\u0142o\u0144ce, jest on zbudowany tak, aby zapewni\u0107, \u017ce w\u00f3zek inwalidzki pozostanie tak&nbsp;<strong>niezawodny<\/strong>&nbsp;oraz&nbsp;<strong>bezpieczny<\/strong>&nbsp;jak w dniu pierwszego u\u017cycia.<\/p>\n\n\n\n<p>Idealny dla\u00a0<strong>u\u017cytkownicy opieki domowej<\/strong>,\u00a0<strong>plac\u00f3wki medyczne<\/strong>i ka\u017cdy, kto ceni obie te rzeczy\u00a0<strong>wolno\u015b\u0107<\/strong>\u00a0oraz\u00a0<strong>bezpiecze\u0144stwo<\/strong>Nasz w\u00f3zek inwalidzki z w\u0142\u00f3kna w\u0119glowego zosta\u0142 zaprojektowany tak, aby codzienna mobilno\u015b\u0107 by\u0142a tak \u0142atwa i bezpieczna, jak to tylko mo\u017cliwe.<\/p>\n\n\n\n<h2 class=\"wp-block-heading\"><strong>Dlaczego warto odwiedzi\u0107 RICHALL na MEDTRADE 2025?<\/strong><\/h2>\n\n\n\n<p><strong>Spojrzenie z pierwszej r\u0119ki<\/strong>&nbsp;nasze najnowsze rozwi\u0105zania mobilne<br><strong>Odkryj mo\u017cliwo\u015bci biznesowe<\/strong>&nbsp;i mo\u017cliwo\u015bci partnerstwa<br><strong>Dowiedz si\u0119, jak nasze innowacje<\/strong>&nbsp;mo\u017ce poprawi\u0107 mobilno\u015b\u0107 i jako\u015b\u0107 \u017cycia<\/p>\n\n\n\n<p><strong>Znajd\u017a nas na stoisku 1630<\/strong>&nbsp;aby zapozna\u0107 si\u0119 z naszymi najnowocze\u015bniejszymi produktami i om\u00f3wi\u0107, w jaki spos\u00f3b mo\u017cemy zaspokoi\u0107 Twoje potrzeby w zakresie mobilno\u015bci.<\/p>\n\n\n\n<p><strong>Skontaktuj si\u0119 z nami:<\/strong>&nbsp;Info@www.richallmed.com<\/p>\n\n\n\n<p><strong>RICHALL | Pionierska przysz\u0142o\u015b\u0107 mobilno\u015bci<\/strong><\/p>","protected":false},"excerpt":{"rendered":"<p>Przysz\u0142o\u015b\u0107 domowej opieki medycznej jest tutaj! Zhejiang RICHALL Medical Technology Co., Ltd. jest podekscytowany mo\u017cliwo\u015bci\u0105 zaprezentowania swoich najnowszych innowacji na MEDTRADE 2025, najwi\u0119kszych targach domowego sprz\u0119tu medycznego w Stanach Zjednoczonych. Odbywaj\u0105ce si\u0119 w Kay Bailey Hutchison Convention Center w Dallas w dniach 19-20 lutego 2025 r. Wydarzenie to podkre\u015bla najnowsze osi\u0105gni\u0119cia w zakresie rozwi\u0105za\u0144 mobilnych. Odwied\u017a nas na stoisku [...]<\/p>","protected":false},"author":1,"featured_media":3918,"comment_status":"open","ping_status":"open","sticky":false,"template":"","format":"standard","meta":{"footnotes":""},"categories":[211],"tags":[199],"class_list":["post-3940","post","type-post","status-publish","format-standard","has-post-thumbnail","hentry","category-exhibition-activities","tag-carbon-fiber-wheelchair"],"yoast_head":"<!-- This site is optimized with the Yoast SEO plugin v24.4 - https:\/\/yoast.com\/wordpress\/plugins\/seo\/ -->\n<title>Discover The Future of Medical Solutions with RICHALL at MEDTRADE 2025 \u2013 Booth 1630<\/title>\n<meta name=\"robots\" content=\"index, follow, max-snippet:-1, max-image-preview:large, max-video-preview:-1\" \/>\n<link rel=\"canonical\" href=\"\" \/>\n<meta property=\"og:locale\" content=\"pl_PL\" \/>\n<meta property=\"og:type\" content=\"article\" \/>\n<meta property=\"og:title\" content=\"Discover The Future of Medical Solutions with RICHALL at MEDTRADE 2025 \u2013 Booth 1630\" \/>\n<meta property=\"og:description\" content=\"The future of home medical care is here!&nbsp;Zhejiang RICHALL Medical Technology Co., Ltd.&nbsp;is excited to showcase its latest innovations at&nbsp;MEDTRADE 2025, the largest home medical equipment trade show in the United States. Taking place at the&nbsp;Kay Bailey Hutchison Convention Center in Dallas&nbsp;on&nbsp;February 19-20, 2025, this event highlights the latest advancements in&nbsp;mobility solutions. Visit us at&nbsp;Booth [&hellip;]\" \/>\n<meta property=\"og:url\" content=\"httpss:\/\/www.richallmed.com\/fr\/discover-the-future-of-medical-solutions-with-richall-at-medtrade-2025-booth-1630-article\/\" \/>\n<meta property=\"og:site_name\" content=\"Carbon Fiber Electric Wheelchair\" \/>\n<meta property=\"article:published_time\" content=\"2025-02-14T02:08:00+00:00\" \/>\n<meta property=\"article:modified_time\" content=\"2025-06-20T06:05:19+00:00\" \/>\n<meta property=\"og:image\" content=\"\" \/>\n\t<meta property=\"og:image:width\" content=\"599\" \/>\n\t<meta property=\"og:image:height\" content=\"272\" \/>\n\t<meta property=\"og:image:type\" content=\"image\/webp\" \/>\n<meta name=\"author\" content=\"\u7528\u6237\" \/>\n<meta name=\"twitter:card\" content=\"summary_large_image\" \/>\n<meta name=\"twitter:label1\" content=\"Written by\" \/>\n\t<meta name=\"twitter:data1\" content=\"\u7528\u6237\" \/>\n\t<meta name=\"twitter:label2\" content=\"Est. reading time\" \/>\n\t<meta name=\"twitter:data2\" content=\"3 minuty\" \/>\n<script type=\"application\/ld+json\" class=\"yoast-schema-graph\">{\"@context\":\"https:\/\/schema.org\",\"@graph\":[{\"@type\":\"Article\",\"@id\":\"httpss:\/\/www.richallmed.com\/fr\/discover-the-future-of-medical-solutions-with-richall-at-medtrade-2025-booth-1630-article\/#article\",\"isPartOf\":{\"@id\":\"httpss:\/\/www.richallmed.com\/fr\/discover-the-future-of-medical-solutions-with-richall-at-medtrade-2025-booth-1630-article\/\"},\"author\":{\"name\":\"\u7528\u6237\",\"@id\":\"https:\/\/www.richallmed.com\/#\/schema\/person\/9a0e27c1156d5a1d4cb23dce2cc5ad36\"},\"headline\":\"Discover The Future of Medical Solutions with RICHALL at MEDTRADE 2025 \u2013 Booth 1630\",\"datePublished\":\"2025-02-14T02:08:00+00:00\",\"dateModified\":\"2025-06-20T06:05:19+00:00\",\"mainEntityOfPage\":{\"@id\":\"httpss:\/\/www.richallmed.com\/fr\/discover-the-future-of-medical-solutions-with-richall-at-medtrade-2025-booth-1630-article\/\"},\"wordCount\":572,\"commentCount\":0,\"publisher\":{\"@id\":\"https:\/\/www.richallmed.com\/#organization\"},\"image\":{\"@id\":\"httpss:\/\/www.richallmed.com\/fr\/discover-the-future-of-medical-solutions-with-richall-at-medtrade-2025-booth-1630-article\/#primaryimage\"},\"thumbnailUrl\":\"https:\/\/www.richallmed.com\/wp-content\/uploads\/2025\/06\/bca080524ddecc4728467f2eec5a01e.webp\",\"keywords\":[\"Carbon Fiber Wheelchair\"],\"articleSection\":[\"Exhibition activities\"],\"inLanguage\":\"pl-PL\"},{\"@type\":\"WebPage\",\"@id\":\"httpss:\/\/www.richallmed.com\/fr\/discover-the-future-of-medical-solutions-with-richall-at-medtrade-2025-booth-1630-article\/\",\"url\":\"httpss:\/\/www.richallmed.com\/fr\/discover-the-future-of-medical-solutions-with-richall-at-medtrade-2025-booth-1630-article\/\",\"name\":\"Discover The Future of Medical Solutions with RICHALL at MEDTRADE 2025 \u2013 Booth 1630\",\"isPartOf\":{\"@id\":\"https:\/\/www.richallmed.com\/#website\"},\"primaryImageOfPage\":{\"@id\":\"httpss:\/\/www.richallmed.com\/fr\/discover-the-future-of-medical-solutions-with-richall-at-medtrade-2025-booth-1630-article\/#primaryimage\"},\"image\":{\"@id\":\"httpss:\/\/www.richallmed.com\/fr\/discover-the-future-of-medical-solutions-with-richall-at-medtrade-2025-booth-1630-article\/#primaryimage\"},\"thumbnailUrl\":\"https:\/\/www.richallmed.com\/wp-content\/uploads\/2025\/06\/bca080524ddecc4728467f2eec5a01e.webp\",\"datePublished\":\"2025-02-14T02:08:00+00:00\",\"dateModified\":\"2025-06-20T06:05:19+00:00\",\"breadcrumb\":{\"@id\":\"httpss:\/\/www.richallmed.com\/fr\/discover-the-future-of-medical-solutions-with-richall-at-medtrade-2025-booth-1630-article\/#breadcrumb\"},\"inLanguage\":\"pl-PL\",\"potentialAction\":[{\"@type\":\"ReadAction\",\"target\":[\"httpss:\/\/www.richallmed.com\/fr\/discover-the-future-of-medical-solutions-with-richall-at-medtrade-2025-booth-1630-article\/\"]}]},{\"@type\":\"ImageObject\",\"inLanguage\":\"pl-PL\",\"@id\":\"httpss:\/\/www.richallmed.com\/fr\/discover-the-future-of-medical-solutions-with-richall-at-medtrade-2025-booth-1630-article\/#primaryimage\",\"url\":\"https:\/\/www.richallmed.com\/wp-content\/uploads\/2025\/06\/bca080524ddecc4728467f2eec5a01e.webp\",\"contentUrl\":\"https:\/\/www.richallmed.com\/wp-content\/uploads\/2025\/06\/bca080524ddecc4728467f2eec5a01e.webp\",\"width\":599,\"height\":272,\"caption\":\"electric wheelchair\"},{\"@type\":\"BreadcrumbList\",\"@id\":\"httpss:\/\/www.richallmed.com\/fr\/discover-the-future-of-medical-solutions-with-richall-at-medtrade-2025-booth-1630-article\/#breadcrumb\",\"itemListElement\":[{\"@type\":\"ListItem\",\"position\":1,\"name\":\"Home\",\"item\":\"https:\/\/www.richallmed.com\/\"},{\"@type\":\"ListItem\",\"position\":2,\"name\":\"Discover The Future of Medical Solutions with RICHALL at MEDTRADE 2025 \u2013 Booth 1630\"}]},{\"@type\":\"WebSite\",\"@id\":\"https:\/\/www.richallmed.com\/#website\",\"url\":\"https:\/\/www.richallmed.com\/\",\"name\":\"Carbon Fiber Electric Wheelchair\",\"description\":\"Carbon Fiber Electric Wheelchair\",\"publisher\":{\"@id\":\"https:\/\/www.richallmed.com\/#organization\"},\"potentialAction\":[{\"@type\":\"SearchAction\",\"target\":{\"@type\":\"EntryPoint\",\"urlTemplate\":\"https:\/\/www.richallmed.com\/?s={search_term_string}\"},\"query-input\":{\"@type\":\"PropertyValueSpecification\",\"valueRequired\":true,\"valueName\":\"search_term_string\"}}],\"inLanguage\":\"pl-PL\"},{\"@type\":\"Organization\",\"@id\":\"https:\/\/www.richallmed.com\/#organization\",\"name\":\"Carbon Fiber Electric Wheelchair\",\"url\":\"https:\/\/www.richallmed.com\/\",\"logo\":{\"@type\":\"ImageObject\",\"inLanguage\":\"pl-PL\",\"@id\":\"https:\/\/www.richallmed.com\/#\/schema\/logo\/image\/\",\"url\":\"https:\/\/www.richallmed.com\/wp-content\/uploads\/2025\/06\/cropped-logo.webp\",\"contentUrl\":\"https:\/\/www.richallmed.com\/wp-content\/uploads\/2025\/06\/cropped-logo.webp\",\"width\":535,\"height\":74,\"caption\":\"Carbon Fiber Electric Wheelchair\"},\"image\":{\"@id\":\"https:\/\/www.richallmed.com\/#\/schema\/logo\/image\/\"}},{\"@type\":\"Person\",\"@id\":\"https:\/\/www.richallmed.com\/#\/schema\/person\/9a0e27c1156d5a1d4cb23dce2cc5ad36\",\"name\":\"\u7528\u6237\",\"image\":{\"@type\":\"ImageObject\",\"inLanguage\":\"pl-PL\",\"@id\":\"https:\/\/www.richallmed.com\/#\/schema\/person\/image\/\",\"url\":\"https:\/\/secure.gravatar.com\/avatar\/b58996c504c5638798eb6b511e6f49af?s=96&d=mm&r=g\",\"contentUrl\":\"https:\/\/secure.gravatar.com\/avatar\/b58996c504c5638798eb6b511e6f49af?s=96&d=mm&r=g\",\"caption\":\"\u7528\u6237\"},\"url\":\"https:\/\/www.richallmed.com\/pl\/author\/user\/\"}]}<\/script>\n<!-- \/ Yoast SEO plugin. -->","yoast_head_json":{"title":"Discover The Future of Medical Solutions with RICHALL at MEDTRADE 2025 \u2013 Booth 1630","robots":{"index":"index","follow":"follow","max-snippet":"max-snippet:-1","max-image-preview":"max-image-preview:large","max-video-preview":"max-video-preview:-1"},"canonical":"httpss:\/\/www.richallmed.com\/fr\/discover-the-future-of-medical-solutions-with-richall-at-medtrade-2025-booth-1630-article\/","og_locale":"pl_PL","og_type":"article","og_title":"Discover The Future of Medical Solutions with RICHALL at MEDTRADE 2025 \u2013 Booth 1630","og_description":"The future of home medical care is here!&nbsp;Zhejiang RICHALL Medical Technology Co., Ltd.&nbsp;is excited to showcase its latest innovations at&nbsp;MEDTRADE 2025, the largest home medical equipment trade show in the United States. Taking place at the&nbsp;Kay Bailey Hutchison Convention Center in Dallas&nbsp;on&nbsp;February 19-20, 2025, this event highlights the latest advancements in&nbsp;mobility solutions. Visit us at&nbsp;Booth [&hellip;]","og_url":"httpss:\/\/www.richallmed.com\/fr\/discover-the-future-of-medical-solutions-with-richall-at-medtrade-2025-booth-1630-article\/","og_site_name":"Carbon Fiber Electric Wheelchair","article_published_time":"2025-02-14T02:08:00+00:00","article_modified_time":"2025-06-20T06:05:19+00:00","og_image":[{"width":599,"height":272,"url":"httpss:\/\/www.richallmed.com\/wp-content\/uploads\/2025\/06\/bca080524ddecc4728467f2eec5a01e.webp","type":"image\/webp"}],"author":"\u7528\u6237","twitter_card":"summary_large_image","twitter_misc":{"Written by":"\u7528\u6237","Est. reading time":"3 minuty"},"schema":{"@context":"https:\/\/schema.org","@graph":[{"@type":"Article","@id":"httpss:\/\/www.richallmed.com\/fr\/discover-the-future-of-medical-solutions-with-richall-at-medtrade-2025-booth-1630-article\/#article","isPartOf":{"@id":"httpss:\/\/www.richallmed.com\/fr\/discover-the-future-of-medical-solutions-with-richall-at-medtrade-2025-booth-1630-article\/"},"author":{"name":"\u7528\u6237","@id":"https:\/\/www.richallmed.com\/#\/schema\/person\/9a0e27c1156d5a1d4cb23dce2cc5ad36"},"headline":"Discover The Future of Medical Solutions with RICHALL at MEDTRADE 2025 \u2013 Booth 1630","datePublished":"2025-02-14T02:08:00+00:00","dateModified":"2025-06-20T06:05:19+00:00","mainEntityOfPage":{"@id":"httpss:\/\/www.richallmed.com\/fr\/discover-the-future-of-medical-solutions-with-richall-at-medtrade-2025-booth-1630-article\/"},"wordCount":572,"commentCount":0,"publisher":{"@id":"https:\/\/www.richallmed.com\/#organization"},"image":{"@id":"httpss:\/\/www.richallmed.com\/fr\/discover-the-future-of-medical-solutions-with-richall-at-medtrade-2025-booth-1630-article\/#primaryimage"},"thumbnailUrl":"https:\/\/www.richallmed.com\/wp-content\/uploads\/2025\/06\/bca080524ddecc4728467f2eec5a01e.webp","keywords":["Carbon Fiber Wheelchair"],"articleSection":["Exhibition activities"],"inLanguage":"pl-PL"},{"@type":"WebPage","@id":"httpss:\/\/www.richallmed.com\/fr\/discover-the-future-of-medical-solutions-with-richall-at-medtrade-2025-booth-1630-article\/","url":"httpss:\/\/www.richallmed.com\/fr\/discover-the-future-of-medical-solutions-with-richall-at-medtrade-2025-booth-1630-article\/","name":"Discover The Future of Medical Solutions with RICHALL at MEDTRADE 2025 \u2013 Booth 1630","isPartOf":{"@id":"https:\/\/www.richallmed.com\/#website"},"primaryImageOfPage":{"@id":"httpss:\/\/www.richallmed.com\/fr\/discover-the-future-of-medical-solutions-with-richall-at-medtrade-2025-booth-1630-article\/#primaryimage"},"image":{"@id":"httpss:\/\/www.richallmed.com\/fr\/discover-the-future-of-medical-solutions-with-richall-at-medtrade-2025-booth-1630-article\/#primaryimage"},"thumbnailUrl":"https:\/\/www.richallmed.com\/wp-content\/uploads\/2025\/06\/bca080524ddecc4728467f2eec5a01e.webp","datePublished":"2025-02-14T02:08:00+00:00","dateModified":"2025-06-20T06:05:19+00:00","breadcrumb":{"@id":"httpss:\/\/www.richallmed.com\/fr\/discover-the-future-of-medical-solutions-with-richall-at-medtrade-2025-booth-1630-article\/#breadcrumb"},"inLanguage":"pl-PL","potentialAction":[{"@type":"ReadAction","target":["httpss:\/\/www.richallmed.com\/fr\/discover-the-future-of-medical-solutions-with-richall-at-medtrade-2025-booth-1630-article\/"]}]},{"@type":"ImageObject","inLanguage":"pl-PL","@id":"httpss:\/\/www.richallmed.com\/fr\/discover-the-future-of-medical-solutions-with-richall-at-medtrade-2025-booth-1630-article\/#primaryimage","url":"https:\/\/www.richallmed.com\/wp-content\/uploads\/2025\/06\/bca080524ddecc4728467f2eec5a01e.webp","contentUrl":"https:\/\/www.richallmed.com\/wp-content\/uploads\/2025\/06\/bca080524ddecc4728467f2eec5a01e.webp","width":599,"height":272,"caption":"electric wheelchair"},{"@type":"BreadcrumbList","@id":"httpss:\/\/www.richallmed.com\/fr\/discover-the-future-of-medical-solutions-with-richall-at-medtrade-2025-booth-1630-article\/#breadcrumb","itemListElement":[{"@type":"ListItem","position":1,"name":"Home","item":"https:\/\/www.richallmed.com\/"},{"@type":"ListItem","position":2,"name":"Discover The Future of Medical Solutions with RICHALL at MEDTRADE 2025 \u2013 Booth 1630"}]},{"@type":"WebSite","@id":"https:\/\/www.richallmed.com\/#website","url":"https:\/\/www.richallmed.com\/","name":"Carbon Fiber Electric Wheelchair","description":"Carbon Fiber Electric Wheelchair","publisher":{"@id":"https:\/\/www.richallmed.com\/#organization"},"potentialAction":[{"@type":"SearchAction","target":{"@type":"EntryPoint","urlTemplate":"https:\/\/www.richallmed.com\/?s={search_term_string}"},"query-input":{"@type":"PropertyValueSpecification","valueRequired":true,"valueName":"search_term_string"}}],"inLanguage":"pl-PL"},{"@type":"Organization","@id":"https:\/\/www.richallmed.com\/#organization","name":"Carbon Fiber Electric Wheelchair","url":"https:\/\/www.richallmed.com\/","logo":{"@type":"ImageObject","inLanguage":"pl-PL","@id":"https:\/\/www.richallmed.com\/#\/schema\/logo\/image\/","url":"https:\/\/www.richallmed.com\/wp-content\/uploads\/2025\/06\/cropped-logo.webp","contentUrl":"https:\/\/www.richallmed.com\/wp-content\/uploads\/2025\/06\/cropped-logo.webp","width":535,"height":74,"caption":"Carbon Fiber Electric Wheelchair"},"image":{"@id":"https:\/\/www.richallmed.com\/#\/schema\/logo\/image\/"}},{"@type":"Person","@id":"https:\/\/www.richallmed.com\/#\/schema\/person\/9a0e27c1156d5a1d4cb23dce2cc5ad36","name":"\u7528\u6237","image":{"@type":"ImageObject","inLanguage":"pl-PL","@id":"https:\/\/www.richallmed.com\/#\/schema\/person\/image\/","url":"https:\/\/secure.gravatar.com\/avatar\/b58996c504c5638798eb6b511e6f49af?s=96&d=mm&r=g","contentUrl":"https:\/\/secure.gravatar.com\/avatar\/b58996c504c5638798eb6b511e6f49af?s=96&d=mm&r=g","caption":"\u7528\u6237"},"url":"https:\/\/www.richallmed.com\/pl\/author\/user\/"}]}},"_links":{"self":[{"href":"https:\/\/www.richallmed.com\/pl\/wp-json\/wp\/v2\/posts\/3940","targetHints":{"allow":["GET"]}}],"collection":[{"href":"https:\/\/www.richallmed.com\/pl\/wp-json\/wp\/v2\/posts"}],"about":[{"href":"https:\/\/www.richallmed.com\/pl\/wp-json\/wp\/v2\/types\/post"}],"author":[{"embeddable":true,"href":"https:\/\/www.richallmed.com\/pl\/wp-json\/wp\/v2\/users\/1"}],"replies":[{"embeddable":true,"href":"https:\/\/www.richallmed.com\/pl\/wp-json\/wp\/v2\/comments?post=3940"}],"version-history":[{"count":1,"href":"https:\/\/www.richallmed.com\/pl\/wp-json\/wp\/v2\/posts\/3940\/revisions"}],"predecessor-version":[{"id":3941,"href":"https:\/\/www.richallmed.com\/pl\/wp-json\/wp\/v2\/posts\/3940\/revisions\/3941"}],"wp:featuredmedia":[{"embeddable":true,"href":"https:\/\/www.richallmed.com\/pl\/wp-json\/wp\/v2\/media\/3918"}],"wp:attachment":[{"href":"https:\/\/www.richallmed.com\/pl\/wp-json\/wp\/v2\/media?parent=3940"}],"wp:term":[{"taxonomy":"category","embeddable":true,"href":"https:\/\/www.richallmed.com\/pl\/wp-json\/wp\/v2\/categories?post=3940"},{"taxonomy":"post_tag","embeddable":true,"href":"https:\/\/www.richallmed.com\/pl\/wp-json\/wp\/v2\/tags?post=3940"}],"curies":[{"name":"wp","href":"https:\/\/api.w.org\/{rel}","templated":true}]}}